{"id":220,"date":"2024-05-28T07:31:13","date_gmt":"2024-05-28T07:31:13","guid":{"rendered":"https:\/\/purkamattaparas.fi\/?p=220"},"modified":"2024-09-29T07:45:35","modified_gmt":"2024-09-29T07:45:35","slug":"kutsuseminaari-28-5-2024","status":"publish","type":"post","link":"https:\/\/purkamattaparas.fi\/index.php\/2024\/05\/28\/kutsuseminaari-28-5-2024\/","title":{"rendered":"Kutsuseminaari 28.5."},"content":{"rendered":"\n<p>Purkamatta paras -kampanjan tavoitteita k\u00e4siteltiin kutsuseminaarissa Alvar Aallon ateljeessa Tiilim\u00e4ess\u00e4 28.5. Tarkoitus on laajentaa kampanjaa valtakunnalliseksi ja yllyt\u00e4mme ylet\u00f6nt\u00e4 purkamisaaltoa vastustavia kansalaisia j\u00e4rjest\u00e4m\u00e4\u00e4n omia kampanjoitaan eri puolilla Suomea. Nauhoitus seminaarin alustuksista osoitteessa <a href=\"https:\/\/www.youtube.com\/watch?v=6xQdwvILdx8\">https:\/\/www.youtube.com\/watch?v=6xQdwvILdx8<\/a><\/p>\n\n\n\n<p><\/p>\n\n\n\n<figure class=\"wp-block-image size-full\"><img loading=\"lazy\" decoding=\"async\" width=\"720\" height=\"960\" src=\"https:\/\/purkamattaparas.fi\/wp-content\/uploads\/2024\/05\/452086500_10162053543189287_92778387781396805_n.jpg\" alt=\"\" class=\"wp-image-46\" srcset=\"https:\/\/purkamattaparas.fi\/wp-content\/uploads\/2024\/05\/452086500_10162053543189287_92778387781396805_n.jpg 720w, https:\/\/purkamattaparas.fi\/wp-content\/uploads\/2024\/05\/452086500_10162053543189287_92778387781396805_n-225x300.jpg 225w\" sizes=\"auto, (max-width: 720px) 100vw, 720px\" \/><\/figure>\n\n\n\n<p><\/p>\n","protected":false},"excerpt":{"rendered":"<p>Purkamatta paras -kampanjan tavoitteita k\u00e4siteltiin kutsuseminaarissa Alvar Aallon ateljeessa Tiilim\u00e4ess\u00e4 28.5. Tarkoitus on laajentaa kampanjaa valtakunnalliseksi ja yllyt\u00e4mme ylet\u00f6nt\u00e4 purkamisaaltoa vastustavia kansalaisia j\u00e4rjest\u00e4m\u00e4\u00e4n omia kampanjoitaan eri puolilla Suomea. Nauhoitus seminaarin alustuksista osoitteessa https:\/\/www.youtube.com\/watch?v=6xQdwvILdx8<\/p>\n","protected":false},"author":1,"featured_media":0,"comment_status":"open","ping_status":"closed","sticky":false,"template":"","format":"standard","meta":{"footnotes":""},"categories":[17],"tags":[18,16],"class_list":["post-220","post","type-post","status-publish","format-standard","hentry","category-ajankohtaista","tag-kampanja","tag-kutsuseminaari"],"_links":{"self":[{"href":"https:\/\/purkamattaparas.fi\/index.php\/wp-json\/wp\/v2\/posts\/220","targetHints":{"allow":["GET"]}}],"collection":[{"href":"https:\/\/purkamattaparas.fi\/index.php\/wp-json\/wp\/v2\/posts"}],"about":[{"href":"https:\/\/purkamattaparas.fi\/index.php\/wp-json\/wp\/v2\/types\/post"}],"author":[{"embeddable":true,"href":"https:\/\/purkamattaparas.fi\/index.php\/wp-json\/wp\/v2\/users\/1"}],"replies":[{"embeddable":true,"href":"https:\/\/purkamattaparas.fi\/index.php\/wp-json\/wp\/v2\/comments?post=220"}],"version-history":[{"count":2,"href":"https:\/\/purkamattaparas.fi\/index.php\/wp-json\/wp\/v2\/posts\/220\/revisions"}],"predecessor-version":[{"id":223,"href":"https:\/\/purkamattaparas.fi\/index.php\/wp-json\/wp\/v2\/posts\/220\/revisions\/223"}],"wp:attachment":[{"href":"https:\/\/purkamattaparas.fi\/index.php\/wp-json\/wp\/v2\/media?parent=220"}],"wp:term":[{"taxonomy":"category","embeddable":true,"href":"https:\/\/purkamattaparas.fi\/index.php\/wp-json\/wp\/v2\/categories?post=220"},{"taxonomy":"post_tag","embeddable":true,"href":"https:\/\/purkamattaparas.fi\/index.php\/wp-json\/wp\/v2\/tags?post=220"}],"curies":[{"name":"wp","href":"https:\/\/api.w.org\/{rel}","templated":true}]}}